{"id":86,"date":"2024-11-30T18:56:00","date_gmt":"2024-11-30T21:56:00","guid":{"rendered":"https:\/\/abiauto.com.br\/?p=86"},"modified":"2025-01-18T19:00:09","modified_gmt":"2025-01-18T22:00:09","slug":"abiauto-premio-imprensa-automotiva-2023-divulga-os-vencedores-em-sua-25a-edicao","status":"publish","type":"post","link":"https:\/\/abiauto.com.br\/index.php\/2024\/11\/30\/abiauto-premio-imprensa-automotiva-2023-divulga-os-vencedores-em-sua-25a-edicao\/","title":{"rendered":"ABIAUTO \u2013 Pr\u00eamio Imprensa Automotiva 2023 divulga os vencedores em sua 25\u00aa edi\u00e7\u00e3o"},"content":{"rendered":"\n<p><a href=\"https:\/\/www.facebook.com\/sharer.php?u=https%3A%2F%2Fmecanicaonline.com.br%2F2023%2F11%2Fabiauto-premio-imprensa-automotiva-2023-divulga-os-vencedores-em-sua-25a-edicao%2F\"><\/a><\/p>\n\n\n\n<p><a href=\"https:\/\/www.facebook.com\/sharer.php?u=https%3A%2F%2Fmecanicaonline.com.br%2F2023%2F11%2Fabiauto-premio-imprensa-automotiva-2023-divulga-os-vencedores-em-sua-25a-edicao%2F\"><\/a><a href=\"https:\/\/www.linkedin.com\/shareArticle?mini=true&amp;url=https:\/\/mecanicaonline.com.br\/2023\/11\/abiauto-premio-imprensa-automotiva-2023-divulga-os-vencedores-em-sua-25a-edicao\/&amp;title=ABIAUTO+%E2%80%93+Pr%C3%AAmio+Imprensa+Automotiva+2023+divulga+os+vencedores+em+sua+25%C2%AA+edi%C3%A7%C3%A3o\"><\/a><a href=\"https:\/\/mecanicaonline.com.br\/2023\/11\/abiauto-premio-imprensa-automotiva-2023-divulga-os-vencedores-em-sua-25a-edicao\/#\"><\/a><a href=\"https:\/\/mecanicaonline.com.br\/2023\/11\/abiauto-premio-imprensa-automotiva-2023-divulga-os-vencedores-em-sua-25a-edicao\/\"><\/a><a href=\"https:\/\/api.whatsapp.com\/send?text=ABIAUTO+%E2%80%93+Pr%C3%AAmio+Imprensa+Automotiva+2023+divulga+os+vencedores+em+sua+25%C2%AA+edi%C3%A7%C3%A3o%20%0A%0A%20https:\/\/mecanicaonline.com.br\/2023\/11\/abiauto-premio-imprensa-automotiva-2023-divulga-os-vencedores-em-sua-25a-edicao\/\"><\/a><\/p>\n\n\n\n<p>A&nbsp;<strong>Picape Ram Rampage<\/strong>&nbsp;foi a grande vencedora do Pr\u00eamio Abiauto 2023, conquistando o pr\u00eamio de Picape M\u00e9dia e o prestigioso&nbsp;<strong>Pr\u00eamio Carro Abiauto \u201cJos\u00e9 Roberto Nasser\u201d.<\/strong><\/p>\n\n\n\n<p>A cerim\u00f4nia de premia\u00e7\u00e3o ocorreu na Escola Senai Conde Jos\u00e9 Vicente de Azevedo em 28 de novembro, marcando a 25\u00aa edi\u00e7\u00e3o do evento promovido pela ABIAUTO (Associa\u00e7\u00e3o Brasileira da Imprensa Automotiva)<\/p>\n\n\n\n<p>Al\u00e9m da Ram Rampage, a&nbsp;<strong>Yamaha R15 recebeu o Pr\u00eamio Motocicleta Abiauto \u201cJosias Silveira\u201d<\/strong>&nbsp;na categoria motocicletas. A premia\u00e7\u00e3o celebrou o quarto de s\u00e9culo da ABIAUTO, destacando sua dedica\u00e7\u00e3o e impacto positivo ao longo dos anos.<\/p>\n\n\n\n<p>Para marcar a ocasi\u00e3o, a associa\u00e7\u00e3o organizou o Workshop \u201cQuais os caminhos do futuro?\u201d, abordando temas sobre op\u00e7\u00f5es de energia sustent\u00e1vel oferecidas pelas montadoras, como\u00a0\u00a0ve\u00edculos\u00a0el\u00e9tricos, h\u00edbridos e a combust\u00e3o.<\/p>\n\n\n\n<p>No workshop, importantes personagens do setor de eletrifica\u00e7\u00e3o automotiva, como M\u00e1rcio Alfonso, Mario Covas Neto e Jos\u00e9 Irineu Medeiros, foram convidados para palestrar. Estudantes de faculdades de engenharia e da Escola Senai Ipiranga participaram das palestras e da cerim\u00f4nia de entrega dos pr\u00eamios. O evento teve a abertura realizada por Adelmo Beliz\u00e1rio, diretor do Senai-Ipiranga, e homenageou o piloto Ingo Hoffmann, o maior campe\u00e3o da hist\u00f3ria do Campeonato Brasileiro de Stock Car, com doze t\u00edtulos.<\/p>\n\n\n\n<p>Os eleitores do Pr\u00eamio ABIAUTO s\u00e3o representantes de diversos meios de comunica\u00e7\u00e3o, como jornais, revistas, TV, sites e r\u00e1dios, abrangendo praticamente todos os estados do Brasil e alcan\u00e7ando mais de 120 milh\u00f5es de cidad\u00e3os interessados em ve\u00edculos e seus variados temas. Ao longo dos 25 anos de exist\u00eancia do pr\u00eamio, a ABIAUTO manteve um compromisso com a credibilidade, reunindo a imprensa especializada automotiva, combinando conhecimento t\u00e9cnico e de mercado para embasar seus votos.<\/p>\n\n\n\n<p>O regulamento do pr\u00eamio destaca a necessidade dos testes dos ve\u00edculos para poderem ser votados, garantindo uma avalia\u00e7\u00e3o pr\u00e1tica.<\/p>\n\n\n\n<p>Essa marca de 25 anos n\u00e3o apenas evidencia a longevidade da Associa\u00e7\u00e3o, mas tamb\u00e9m oferece uma oportunidade para reflex\u00e3o sobre conquistas, desafios superados e objetivos alcan\u00e7ados ao longo do tempo.<\/p>\n\n\n\n<p><strong>Vencedores do Pr\u00eamio ABIAUTO 2023:<\/strong><\/p>\n\n\n\n<p>Carro Nacional at\u00e9 13 kgfm: VW Polo<\/p>\n\n\n\n<p>Picape Compacta: Chevrolet Montana<\/p>\n\n\n\n<p>Picape M\u00e9dia: Ram Rampage<\/p>\n\n\n\n<p>Picape Grande: Ford F-150<\/p>\n\n\n\n<p>Carro Nacional de 13 a 16 kgfm: Peugeot 208<\/p>\n\n\n\n<p>Carro Nacional acima de 16 kgfm: VW Virtus<\/p>\n\n\n\n<p>SUV\/Crossover Nacional: Fiat Fastback<\/p>\n\n\n\n<p>SUV\/Crossover Importado: Honda ZR-V<\/p>\n\n\n\n<p>H\u00edbrido: Honda Civic Hybrid<\/p>\n\n\n\n<p>100% El\u00e9trico: Renault Megane E-Tech<\/p>\n\n\n\n<p>Esportivo: Ford Mustang<\/p>\n\n\n\n<p>Assessor de Imprensa: Ricardo Dilser \u2013 Stellantis<\/p>\n\n\n\n<p>Executivo do Ano: Ca\u00edque Ferreira \u2013 Renault do Brasil<\/p>\n\n\n\n<p>Carro Abiauto 2023: Ram Rampage<\/p>\n\n\n\n<p>Moto Abiauto 2023: Yamaha R15<\/p>\n","protected":false},"excerpt":{"rendered":"<p>A&nbsp;Picape Ram Rampage&nbsp;foi a grande vencedora do Pr\u00eamio Abiauto 2023, conquistando o pr\u00eamio de Picape M\u00e9dia e o prestigioso&nbsp;Pr\u00eamio Carro Abiauto \u201cJos\u00e9 Roberto Nasser\u201d. A cerim\u00f4nia de premia\u00e7\u00e3o ocorreu na Escola Senai Conde Jos\u00e9 Vicente de Azevedo em 28 de novembro, marcando a 25\u00aa edi\u00e7\u00e3o do evento promovido pela ABIAUTO (Associa\u00e7\u00e3o Brasileira da Imprensa Automotiva)&hellip;&nbsp;<a href=\"https:\/\/abiauto.com.br\/index.php\/2024\/11\/30\/abiauto-premio-imprensa-automotiva-2023-divulga-os-vencedores-em-sua-25a-edicao\/\" rel=\"bookmark\">Continue a ler &raquo;<span class=\"screen-reader-text\">ABIAUTO \u2013 Pr\u00eamio Imprensa Automotiva 2023 divulga os vencedores em sua 25\u00aa edi\u00e7\u00e3o<\/span><\/a><\/p>\n","protected":false},"author":1,"featured_media":81,"comment_status":"open","ping_status":"open","sticky":false,"template":"","format":"standard","meta":{"neve_meta_sidebar":"","neve_meta_container":"","neve_meta_enable_content_width":"","neve_meta_content_width":0,"neve_meta_title_alignment":"","neve_meta_author_avatar":"","neve_post_elements_order":"","neve_meta_disable_header":"","neve_meta_disable_footer":"","neve_meta_disable_title":"","footnotes":""},"categories":[4],"tags":[6,7,5],"class_list":["post-86","post","type-post","status-publish","format-standard","has-post-thumbnail","hentry","category-premio-imprensa-automotiva","tag-abiauto","tag-fotos","tag-premio-imprensa-automotiva"],"_links":{"self":[{"href":"https:\/\/abiauto.com.br\/index.php\/wp-json\/wp\/v2\/posts\/86","targetHints":{"allow":["GET"]}}],"collection":[{"href":"https:\/\/abiauto.com.br\/index.php\/wp-json\/wp\/v2\/posts"}],"about":[{"href":"https:\/\/abiauto.com.br\/index.php\/wp-json\/wp\/v2\/types\/post"}],"author":[{"embeddable":true,"href":"https:\/\/abiauto.com.br\/index.php\/wp-json\/wp\/v2\/users\/1"}],"replies":[{"embeddable":true,"href":"https:\/\/abiauto.com.br\/index.php\/wp-json\/wp\/v2\/comments?post=86"}],"version-history":[{"count":1,"href":"https:\/\/abiauto.com.br\/index.php\/wp-json\/wp\/v2\/posts\/86\/revisions"}],"predecessor-version":[{"id":130,"href":"https:\/\/abiauto.com.br\/index.php\/wp-json\/wp\/v2\/posts\/86\/revisions\/130"}],"wp:featuredmedia":[{"embeddable":true,"href":"https:\/\/abiauto.com.br\/index.php\/wp-json\/wp\/v2\/media\/81"}],"wp:attachment":[{"href":"https:\/\/abiauto.com.br\/index.php\/wp-json\/wp\/v2\/media?parent=86"}],"wp:term":[{"taxonomy":"category","embeddable":true,"href":"https:\/\/abiauto.com.br\/index.php\/wp-json\/wp\/v2\/categories?post=86"},{"taxonomy":"post_tag","embeddable":true,"href":"https:\/\/abiauto.com.br\/index.php\/wp-json\/wp\/v2\/tags?post=86"}],"curies":[{"name":"wp","href":"https:\/\/api.w.org\/{rel}","templated":true}]}}