{"id":304,"date":"2013-12-10T15:19:00","date_gmt":"2013-12-10T17:19:00","guid":{"rendered":"https:\/\/abiauto.com.br\/?p=304"},"modified":"2025-01-19T15:23:47","modified_gmt":"2025-01-19T18:23:47","slug":"2013-ford-e-triumph-brilham-no-15o-premio-imprensa-automotiva-da-abiauto","status":"publish","type":"post","link":"https:\/\/abiauto.com.br\/index.php\/2013\/12\/10\/2013-ford-e-triumph-brilham-no-15o-premio-imprensa-automotiva-da-abiauto\/","title":{"rendered":"2013 &#8211; Ford e Triumph brilham no 15\u00ba Pr\u00eamio Imprensa Automotiva da ABIAUTO"},"content":{"rendered":"\n<p>A <strong>ABIAUTO (Associa\u00e7\u00e3o Brasileira da Imprensa Automotiva)<\/strong> anunciou os vencedores do <strong>15\u00ba Pr\u00eamio Imprensa Automotiva<\/strong>, com destaque para a <strong>Ford<\/strong> e a <strong>Triumph<\/strong>, que conquistaram os principais t\u00edtulos em 2013. O evento, realizado em S\u00e3o Paulo (SP), reuniu centenas de jornalistas e representantes das montadoras, fabricantes, importadoras e associa\u00e7\u00f5es do setor automotivo e motocicl\u00edstico.<\/p>\n\n\n\n<p>Os resultados foram auditados pela <strong>HLB Audi Link Auditorias<\/strong>, refor\u00e7ando a credibilidade do pr\u00eamio, considerado o mais prestigiado do setor no Brasil.<\/p>\n\n\n\n<p><strong>Destaques do Pr\u00eamio<\/strong> &#8211; O <strong>Ford Focus<\/strong> foi eleito o <strong>Melhor Carro 2013 Imprensa Automotiva<\/strong>, enquanto a <strong>Triumph Tiger 800<\/strong> conquistou o t\u00edtulo de <strong>Melhor Moto 2013 Imprensa Automotiva<\/strong>. Al\u00e9m disso, o Focus foi reconhecido como o <strong>Melhor Carro Nacional<\/strong>, e o <strong>Ford Fusion Hybrid<\/strong> levou o pr\u00eamio de <strong>Carro Verde<\/strong>.<\/p>\n\n\n\n<p>Entre os importados, o <strong>Volkswagen Golf<\/strong> foi escolhido o <strong>Melhor Carro Importado<\/strong>, enquanto outros modelos, como o <strong>Renault Logan<\/strong> (Melhor Compacto) e a <strong>Fiat Strada<\/strong> (Melhor Picape), tamb\u00e9m foram premiados.<\/p>\n\n\n\n<h4 class=\"wp-block-heading\"><strong>Premia\u00e7\u00e3o por Categoria<\/strong><\/h4>\n\n\n\n<ul class=\"wp-block-list\">\n<li><strong>Melhor Carro Nacional:<\/strong> Ford Focus<\/li>\n\n\n\n<li><strong>Melhor Importado:<\/strong> Volkswagen Golf<\/li>\n\n\n\n<li><strong>Melhor Compacto:<\/strong> Renault Logan<\/li>\n\n\n\n<li><strong>Melhor Picape:<\/strong> Fiat Strada<\/li>\n\n\n\n<li><strong>Melhor Utilit\u00e1rio Esportivo:<\/strong> Chevrolet Tracker<\/li>\n\n\n\n<li><strong>Melhor Minivan:<\/strong> JAC J6<\/li>\n\n\n\n<li><strong>Carro Verde:<\/strong> Ford Fusion Hybrid<\/li>\n<\/ul>\n\n\n\n<h4 class=\"wp-block-heading\"><strong>Motores premiados<\/strong><\/h4>\n\n\n\n<p>Os motores tamb\u00e9m foram destaque:<\/p>\n\n\n\n<ul class=\"wp-block-list\">\n<li><strong>Melhor Motor 1.000 a 1.400 cc:<\/strong> VW 1.0 3 Cilindros<\/li>\n\n\n\n<li><strong>Melhor Motor 1.401 a 2.500 cc:<\/strong> Audi 1.8 Turbo FSI<\/li>\n\n\n\n<li><strong>Melhor Motor acima de 2.501 cc:<\/strong> Audi 4.0 Biturbo FSI<\/li>\n\n\n\n<li><strong>Melhor Motor Diesel 2.000 a 3.500 cc:<\/strong> VW 2.0 Turbo (Amarok)<\/li>\n<\/ul>\n\n\n\n<h4 class=\"wp-block-heading\"><strong>No segmento de duas rodas<\/strong><\/h4>\n\n\n\n<p>A Triumph brilhou novamente, com a <strong>Tiger 800<\/strong> eleita a <strong>Melhor Estradeira<\/strong> e a <strong>Daytona 675R<\/strong> como a <strong>Melhor Esportiva<\/strong>. J\u00e1 a <strong>Honda CB 500<\/strong> foi reconhecida como a <strong>Melhor Moto Urbana\/Street<\/strong>.<\/p>\n\n\n\n<h4 class=\"wp-block-heading\"><strong>Reconhecimento e credibilidade<\/strong><\/h4>\n\n\n\n<p>C\u00e9lia Murgel, presidente da ABIAUTO na \u00e9poca, destacou a crescente relev\u00e2ncia do pr\u00eamio:<br><em>&#8220;O Pr\u00eamio ABIAUTO \u00e9 um selo de qualidade para as montadoras e fabricantes, consolidando-se como uma das maiores refer\u00eancias do setor automotivo.&#8221;<\/em><\/p>\n\n\n\n<p>O evento tamb\u00e9m homenageou o jornalista <strong>Wilson Lib\u00f3rio de Medeiros,<\/strong> s\u00f3cio fundador da ABIAUTO, falecido em 2013.<\/p>\n","protected":false},"excerpt":{"rendered":"<p>A ABIAUTO (Associa\u00e7\u00e3o Brasileira da Imprensa Automotiva) anunciou os vencedores do 15\u00ba Pr\u00eamio Imprensa Automotiva, com destaque para a Ford e a Triumph, que conquistaram os principais t\u00edtulos em 2013. O evento, realizado em S\u00e3o Paulo (SP), reuniu centenas de jornalistas e representantes das montadoras, fabricantes, importadoras e associa\u00e7\u00f5es do setor automotivo e motocicl\u00edstico. Os&hellip;&nbsp;<a href=\"https:\/\/abiauto.com.br\/index.php\/2013\/12\/10\/2013-ford-e-triumph-brilham-no-15o-premio-imprensa-automotiva-da-abiauto\/\" rel=\"bookmark\">Continue a ler &raquo;<span class=\"screen-reader-text\">2013 &#8211; Ford e Triumph brilham no 15\u00ba Pr\u00eamio Imprensa Automotiva da ABIAUTO<\/span><\/a><\/p>\n","protected":false},"author":1,"featured_media":305,"comment_status":"open","ping_status":"open","sticky":false,"template":"","format":"standard","meta":{"neve_meta_sidebar":"","neve_meta_container":"","neve_meta_enable_content_width":"","neve_meta_content_width":0,"neve_meta_title_alignment":"","neve_meta_author_avatar":"","neve_post_elements_order":"","neve_meta_disable_header":"","neve_meta_disable_footer":"","neve_meta_disable_title":"","footnotes":""},"categories":[4],"tags":[],"class_list":["post-304","post","type-post","status-publish","format-standard","has-post-thumbnail","hentry","category-premio-imprensa-automotiva"],"_links":{"self":[{"href":"https:\/\/abiauto.com.br\/index.php\/wp-json\/wp\/v2\/posts\/304","targetHints":{"allow":["GET"]}}],"collection":[{"href":"https:\/\/abiauto.com.br\/index.php\/wp-json\/wp\/v2\/posts"}],"about":[{"href":"https:\/\/abiauto.com.br\/index.php\/wp-json\/wp\/v2\/types\/post"}],"author":[{"embeddable":true,"href":"https:\/\/abiauto.com.br\/index.php\/wp-json\/wp\/v2\/users\/1"}],"replies":[{"embeddable":true,"href":"https:\/\/abiauto.com.br\/index.php\/wp-json\/wp\/v2\/comments?post=304"}],"version-history":[{"count":1,"href":"https:\/\/abiauto.com.br\/index.php\/wp-json\/wp\/v2\/posts\/304\/revisions"}],"predecessor-version":[{"id":306,"href":"https:\/\/abiauto.com.br\/index.php\/wp-json\/wp\/v2\/posts\/304\/revisions\/306"}],"wp:featuredmedia":[{"embeddable":true,"href":"https:\/\/abiauto.com.br\/index.php\/wp-json\/wp\/v2\/media\/305"}],"wp:attachment":[{"href":"https:\/\/abiauto.com.br\/index.php\/wp-json\/wp\/v2\/media?parent=304"}],"wp:term":[{"taxonomy":"category","embeddable":true,"href":"https:\/\/abiauto.com.br\/index.php\/wp-json\/wp\/v2\/categories?post=304"},{"taxonomy":"post_tag","embeddable":true,"href":"https:\/\/abiauto.com.br\/index.php\/wp-json\/wp\/v2\/tags?post=304"}],"curies":[{"name":"wp","href":"https:\/\/api.w.org\/{rel}","templated":true}]}}